{"id":4045,"date":"2021-02-07T11:19:17","date_gmt":"2021-02-07T10:19:17","guid":{"rendered":"http:\/\/www.uewg-michelstadt.de\/?p=4045"},"modified":"2021-02-07T16:23:47","modified_gmt":"2021-02-07T15:23:47","slug":"im-austausch-zum-thema-haeusliche-gewalt-und-narzisstischer-missbrauch","status":"publish","type":"post","link":"https:\/\/2026.uewg-michelstadt.de\/?p=4045","title":{"rendered":"Im Austausch zum Thema &#8222;H\u00e4usliche Gewalt&#8220; und &#8222;Narzisstischer Missbrauch&#8220;"},"content":{"rendered":"<div>\r\n<div>\r\n<div>\r\n<div class=\"block-editor-block-list__layout is-root-container\">\r\n<p id=\"block-a6cc18f4-6918-4e54-b578-64511a4726d2\" class=\"block-editor-rich-text__editable block-editor-block-list__block wp-block is-focus-mode rich-text\" tabindex=\"0\" role=\"group\" aria-multiline=\"true\" aria-label=\"Absatz-Block\" data-block=\"a6cc18f4-6918-4e54-b578-64511a4726d2\" data-type=\"core\/paragraph\" data-title=\"Absatz\">Die \u00dcWG Fraktion hatte diese Woche die Gelegenheit ein sehr informatives Gespr\u00e4ch \u00fcber ein \u00e4u\u00dferst ernstes Thema zu f\u00fchren: <strong>&#8222;Narzisstischen Missbrauch&#8220;<\/strong> und <strong>&#8222;Toxische Beziehungen&#8220;<\/strong>. Svenja Beck erz\u00e4hlte aus ihrer pers\u00f6nlichen Vergangenheit, was sie in einer dunklen Lebensphase in einer solchen Beziehung erlebt hat, wie sie sich mit mehreren Versuchen und auch R\u00fcckschl\u00e4gen daraus l\u00f6sen konnte und wie sie nun Betroffenen helfen m\u00f6chte bzw. dies schon tut. Diese &#8222;toxische Beziehung&#8220; endete zuletzt in zwei Mordversuchen durch ihren Expartner. Die zwei Kinder aus einer vorherigen Beziehung und ein gemeinsames Kind erschwerten zus\u00e4tzlich einen Ausstieg aus dieser Verbindung. Heute lebt Svenja mit ihren Kindern und ihrem neuen Partner in einer gl\u00fccklichen Beziehung.<\/p>\r\n<p id=\"block-e58f4ce2-9780-463d-93af-80872e1cb4d7\" class=\"block-editor-rich-text__editable block-editor-block-list__block wp-block is-focus-mode rich-text\" tabindex=\"0\" role=\"group\" aria-multiline=\"true\" aria-label=\"Absatz-Block\" data-block=\"e58f4ce2-9780-463d-93af-80872e1cb4d7\" data-type=\"core\/paragraph\" data-title=\"Absatz\">Besonders bewundernswert ist Svenjas ungebrochener pers\u00f6nliche Einsatz, nun Aufkl\u00e4rungsarbeit zu leisten um anderen Betroffenen, meist Frauen, ein schnelleren Weg aus einer solchen Situation bieten bzw. ein helfendes Netzwerk anzubieten zu k\u00f6nnen. Eine solche Bezugsperson h\u00e4tte sie sich damals gew\u00fcnscht, aber nicht gefunden, auch da der &#8222;Narzisstischen Missbrauch&#8220; ein spezielles, aber nicht seltenes Thema darstellt.<\/p>\r\n<p id=\"block-864b5f9e-b35b-496d-bb53-f05a7e1ddb6a\" class=\"block-editor-rich-text__editable block-editor-block-list__block wp-block is-focus-mode rich-text\" tabindex=\"0\" role=\"group\" aria-multiline=\"true\" aria-label=\"Absatz-Block\" data-block=\"864b5f9e-b35b-496d-bb53-f05a7e1ddb6a\" data-type=\"core\/paragraph\" data-title=\"Absatz\">Was ist der Unterschied zu &#8222;h\u00e4uslicher Gewalt&#8220;? Sehr plakativ zusammengefasst, besteht beim narzisstischen Missbrauch oft ein zyklisches Entw\u00fcrdigen der anderen Person. Durch den Wechsel zwischen der pers\u00f6nlichen Entwertung und sp\u00e4ter wieder Hoffnung bildenden Situationen ger\u00e4t die betroffene Person in ein manchmal abh\u00e4ngig machenden Zustand. Sie sucht den Fehler bei sich selbst und findet keinen Weg aus diesem Zustand bzw. der Beziehung. <em>(Aus dem Gespr\u00e4ch zusammengefasst)<\/em>.<\/p>\r\n<p id=\"block-edf80f07-4ca0-4d62-ae22-6f302cea0612\" class=\"block-editor-rich-text__editable block-editor-block-list__block wp-block is-focus-mode rich-text\" tabindex=\"0\" role=\"group\" aria-multiline=\"true\" aria-label=\"Absatz-Block\" data-block=\"edf80f07-4ca0-4d62-ae22-6f302cea0612\" data-type=\"core\/paragraph\" data-title=\"Absatz\"><strong>Svenja er\u00f6ffnete im Januar 2021 eine Selbsthilfegruppe zum Thema &#8222;H\u00e4usliche Gewalt&#8220; und &#8222;Narzisstischen Missbrauch&#8220; in der &#8222;Unteren Pfarrgasse&#8220; in Michelstadt.<\/strong> Diese trifft sich jeden ersten und dritten Montag im Monat und ist aktuell &#8211; auch durch die durch Corona-Ma\u00dfnahmen begrenzte Teilnehmerzahl &#8211; komplett belegt. Es existiert eine Warteliste, um auch kurzfristig freiwerdende Termine besetzen zu k\u00f6nnen. Es gibt eine virtuelle Selbsthilfegruppe in Facebook zum Austausch von Betroffenen und Angeh\u00f6rigen. Diese umfasst nach einigen Fernsehauftritten von Svenja (einige Links sind unten) mittlerweile \u00fcber 2300 Mitglieder.<\/p>\r\n<p id=\"block-b111960b-845d-4721-bdc7-69e9f61b3a10\" class=\"block-editor-rich-text__editable block-editor-block-list__block wp-block is-focus-mode rich-text\" tabindex=\"0\" role=\"group\" aria-multiline=\"true\" aria-label=\"Absatz-Block\" data-block=\"b111960b-845d-4721-bdc7-69e9f61b3a10\" data-type=\"core\/paragraph\" data-title=\"Absatz\"><strong>Svenja Beck ist f\u00fcr Betroffene und Angeh\u00f6rige immer pers\u00f6nlich erreichbar.<\/strong> Sie hat es sich zur Aufgabe gemacht, m\u00f6glichst viele Personen zu erreichen, um f\u00fcr das Thema sensibel zu machen und Aufkl\u00e4rungsarbeit zu leisten. Sie bietet an, bei Veranstaltungen und f\u00fcr interessierte Kreise Vortr\u00e4ge zu halten, z.B.: Arbeitgeber, Personen die mit Kindern und Jugendlichen arbeiten und eventuell Verhaltensver\u00e4nderungen feststellen (Kinderg\u00e4rtner(innen), FSJler, Lehrer&#8230;), Verb\u00e4nde, Vereine,&#8230;<\/p>\r\n<p id=\"block-56af544a-8cf0-4ff5-938b-36bd13e9727c\" class=\"block-editor-rich-text__editable block-editor-block-list__block wp-block is-focus-mode rich-text\" tabindex=\"0\" role=\"group\" aria-multiline=\"true\" aria-label=\"Absatz-Block\" data-block=\"56af544a-8cf0-4ff5-938b-36bd13e9727c\" data-type=\"core\/paragraph\" data-title=\"Absatz\"><strong>Die \u00dcWG Michelstadt unterst\u00fctzt ihr Engagement und hofft sie und ihre Arbeit weiter bekannt machen zu k\u00f6nnen.<\/strong><\/p>\r\n<h2 id=\"block-d9aa5eab-54a0-4c6c-ab0d-0ef35a59e30b\" class=\"block-editor-rich-text__editable block-editor-block-list__block wp-block is-focus-mode rich-text\" tabindex=\"0\" role=\"group\" aria-multiline=\"true\" aria-label=\"Block: \u00dcberschrift\" data-block=\"d9aa5eab-54a0-4c6c-ab0d-0ef35a59e30b\" data-type=\"core\/heading\" data-title=\"\u00dcberschrift\">Links<\/h2>\r\n<h3 id=\"block-0e549efe-877e-45ca-a1ce-e47143c60789\" class=\"block-editor-rich-text__editable block-editor-block-list__block wp-block is-focus-mode rich-text\" tabindex=\"0\" role=\"group\" aria-multiline=\"true\" aria-label=\"Block: \u00dcberschrift\" data-block=\"0e549efe-877e-45ca-a1ce-e47143c60789\" data-type=\"core\/heading\" data-title=\"\u00dcberschrift\">Beitr\u00e4ge<\/h3>\r\n<p class=\"block-editor-rich-text__editable block-editor-block-list__block wp-block is-focus-mode rich-text\" tabindex=\"0\" role=\"group\" aria-multiline=\"true\" aria-label=\"Absatz-Block\" data-block=\"5b381684-6490-41d0-a570-7989db1ba987\" data-type=\"core\/paragraph\" data-title=\"Absatz\"><\/p>\r\nBeitrag von Svenja bei der Hessenschau <em>(08.03.2020)<\/em>: <a href=\"https:\/\/www.hessenschau.de\/gesellschaft\/wie-eine-frau-jahrelang-verpruegelt-wurde---und-einen-ausweg-fand,weltfrauentag-betroffene-gewalt-gegen-frauen-100.html\">https:\/\/www.hessenschau.de\/gesellschaft\/wie-eine-frau-jahrelang-verpruegelt-wurde&#8212;und-einen-ausweg-fand,weltfrauentag-betroffene-gewalt-gegen-frauen-100.html<\/a>\r\n<p class=\"block-editor-rich-text__editable block-editor-block-list__block wp-block is-focus-mode rich-text\" tabindex=\"0\" role=\"group\" aria-multiline=\"true\" aria-label=\"Absatz-Block\" data-block=\"5b381684-6490-41d0-a570-7989db1ba987\" data-type=\"core\/paragraph\" data-title=\"Absatz\">\r\n\r\n<\/p>\r\nBeitrag mit Svenja beim HR-Fernsehen <em>(25.11.2020)<\/em>:\u00a0<a href=\"https:\/\/www.hessenschau.de\/tv-sendung\/gewalt-gegen-frauen-betroffene-leistet-aufklaerungsarbeit,video-137796.html\" target=\"_blank\" rel=\"noreferrer noopener\">https:\/\/www.hessenschau.de\/tv-sendung\/gewalt-gegen-frauen-betroffene-leistet-aufklaerungsarbeit,video-137796.html<\/a>\r\n<p class=\"block-editor-rich-text__editable block-editor-block-list__block wp-block is-focus-mode rich-text\" tabindex=\"0\" role=\"group\" aria-multiline=\"true\" aria-label=\"Absatz-Block\" data-block=\"5b381684-6490-41d0-a570-7989db1ba987\" data-type=\"core\/paragraph\" data-title=\"Absatz\">\r\n\r\n<\/p>\r\nBeitrag mit Svenja beim Maintower <em>(25.11.2020)<\/em>:\u00a0<a href=\"https:\/\/www.hr-fernsehen.de\/sendungen-a-z\/maintower\/sendungen\/oranges-hessen,video-137808.html\" target=\"_blank\" rel=\"noreferrer noopener\">https:\/\/www.hr-fernsehen.de\/sendungen-a-z\/maintower\/sendungen\/oranges-hessen,video-137808.html<\/a>\r\n<p id=\"block-5b381684-6490-41d0-a570-7989db1ba987\" class=\"block-editor-rich-text__editable block-editor-block-list__block wp-block is-focus-mode rich-text\" tabindex=\"0\" role=\"group\" aria-multiline=\"true\" aria-label=\"Absatz-Block\" data-block=\"5b381684-6490-41d0-a570-7989db1ba987\" data-type=\"core\/paragraph\" data-title=\"Absatz\"><\/p>\r\n<h3 id=\"block-69ee5c6c-d9cc-43c7-93e0-0e3ea1c79a24\" class=\"block-editor-rich-text__editable block-editor-block-list__block wp-block is-focus-mode rich-text\" tabindex=\"0\" role=\"group\" aria-multiline=\"true\" aria-label=\"Block: \u00dcberschrift\" data-block=\"69ee5c6c-d9cc-43c7-93e0-0e3ea1c79a24\" data-type=\"core\/heading\" data-title=\"\u00dcberschrift\">Svenjas Youtube-Kanal<\/h3>\r\n<p id=\"block-cc8b6ace-ef0b-45b1-a1fd-080c04485ee9\" class=\"block-editor-rich-text__editable block-editor-block-list__block wp-block is-focus-mode rich-text\" tabindex=\"0\" role=\"group\" aria-multiline=\"true\" aria-label=\"Absatz-Block\" data-block=\"cc8b6ace-ef0b-45b1-a1fd-080c04485ee9\" data-type=\"core\/paragraph\" data-title=\"Absatz\">Auf ihrem Youtube-Kanal sind erste Videos zu finden und geben einen Einblick in ihre Arbeit: <a href=\"https:\/\/www.youtube.com\/channel\/UC1deEaPDwt_kUCB8sLTmacQ\" target=\"_blank\" rel=\"noreferrer noopener\">https:\/\/www.youtube.com\/channel\/UC1deEaPDwt_kUCB8sLTmacQ<\/a><\/p>\r\n<h2 id=\"block-bbdeadb0-a8dd-43dd-a96e-5752caa9242a\" class=\"block-editor-rich-text__editable block-editor-block-list__block wp-block is-focus-mode rich-text\" tabindex=\"0\" role=\"group\" aria-multiline=\"true\" aria-label=\"Block: \u00dcberschrift\" data-block=\"bbdeadb0-a8dd-43dd-a96e-5752caa9242a\" data-type=\"core\/heading\" data-title=\"\u00dcberschrift\">Kontakt<\/h2>\r\n<p id=\"block-25779693-3b25-4ebd-adce-c2ed9f4dd883\" class=\"block-editor-rich-text__editable block-editor-block-list__block wp-block is-focus-mode rich-text\" tabindex=\"0\" role=\"group\" aria-multiline=\"true\" aria-label=\"Absatz-Block\" data-block=\"25779693-3b25-4ebd-adce-c2ed9f4dd883\" data-type=\"core\/paragraph\" data-title=\"Absatz\"><a href=\"https:\/\/becksvenja.wixsite.com\/website\" target=\"_blank\" rel=\"noreferrer noopener\">https:\/\/becksvenja.wixsite.com\/website<\/a><\/p>\r\n<p id=\"block-2d7bdba0-40fc-4f62-b373-488fcb3484ab\" class=\"block-editor-rich-text__editable block-editor-block-list__block wp-block is-focus-mode is-hovered rich-text\" tabindex=\"0\" role=\"group\" aria-multiline=\"true\" aria-label=\"Absatz-Block\" data-block=\"2d7bdba0-40fc-4f62-b373-488fcb3484ab\" data-type=\"core\/paragraph\" data-title=\"Absatz\">Die Handynummer von Svenja steht auf ihrer Homepage &#8211; ein pers\u00f6nlicher Kontakt von Betroffenen und deren Angeh\u00f6rige bzw. Freunde ist ausdr\u00fccklich erw\u00fcnscht und auch anonym m\u00f6glich.<\/p>\r\n<\/div>\r\n<\/div>\r\n<\/div>\r\n<\/div>","protected":false},"excerpt":{"rendered":"<p>Die \u00dcWG Fraktion hatte diese Woche die Gelegenheit ein sehr informatives Gespr\u00e4ch \u00fcber ein \u00e4u\u00dferst ernstes Thema zu f\u00fchren: &#8222;Narzisstischen Missbrauch&#8220; und &#8222;Toxische Beziehungen&#8220;. Svenja Beck erz\u00e4hlte aus ihrer pers\u00f6nlichen Vergangenheit, was sie in einer dunklen Lebensphase in einer solchen Beziehung erlebt hat, wie sie sich mit mehreren Versuchen und auch R\u00fcckschl\u00e4gen daraus l\u00f6sen konnte<\/p>\n","protected":false},"author":1,"featured_media":4057,"comment_status":"closed","ping_status":"closed","sticky":false,"template":"","format":"standard","meta":{"footnotes":""},"categories":[1,7,8,154,12,9],"tags":[],"class_list":["post-4045","post","type-post","status-publish","format-standard","has-post-thumbnail","hentry","category-allgemein","category-fraktion","category-magistrat","category-news","category-ortsbeiraete","category-stadtverordnete"],"acf":[],"post_mailing_queue_ids":[],"_links":{"self":[{"href":"https:\/\/2026.uewg-michelstadt.de\/index.php?rest_route=\/wp\/v2\/posts\/4045","targetHints":{"allow":["GET"]}}],"collection":[{"href":"https:\/\/2026.uewg-michelstadt.de\/index.php?rest_route=\/wp\/v2\/posts"}],"about":[{"href":"https:\/\/2026.uewg-michelstadt.de\/index.php?rest_route=\/wp\/v2\/types\/post"}],"author":[{"embeddable":true,"href":"https:\/\/2026.uewg-michelstadt.de\/index.php?rest_route=\/wp\/v2\/users\/1"}],"replies":[{"embeddable":true,"href":"https:\/\/2026.uewg-michelstadt.de\/index.php?rest_route=%2Fwp%2Fv2%2Fcomments&post=4045"}],"version-history":[{"count":10,"href":"https:\/\/2026.uewg-michelstadt.de\/index.php?rest_route=\/wp\/v2\/posts\/4045\/revisions"}],"predecessor-version":[{"id":4060,"href":"https:\/\/2026.uewg-michelstadt.de\/index.php?rest_route=\/wp\/v2\/posts\/4045\/revisions\/4060"}],"wp:featuredmedia":[{"embeddable":true,"href":"https:\/\/2026.uewg-michelstadt.de\/index.php?rest_route=\/wp\/v2\/media\/4057"}],"wp:attachment":[{"href":"https:\/\/2026.uewg-michelstadt.de\/index.php?rest_route=%2Fwp%2Fv2%2Fmedia&parent=4045"}],"wp:term":[{"taxonomy":"category","embeddable":true,"href":"https:\/\/2026.uewg-michelstadt.de\/index.php?rest_route=%2Fwp%2Fv2%2Fcategories&post=4045"},{"taxonomy":"post_tag","embeddable":true,"href":"https:\/\/2026.uewg-michelstadt.de\/index.php?rest_route=%2Fwp%2Fv2%2Ftags&post=4045"}],"curies":[{"name":"wp","href":"https:\/\/api.w.org\/{rel}","templated":true}]}}